[{"@context":"https:\/\/schema.org\/","@type":"Article","@id":"https:\/\/www.caroit.sk\/dajme-prirode-v-nasom-zivote-zelenu\/#Article","mainEntityOfPage":"https:\/\/www.caroit.sk\/dajme-prirode-v-nasom-zivote-zelenu\/","headline":"Dajme pr\u00edrode v na\u0161om \u017eivote zelen\u00fa","name":"Dajme pr\u00edrode v na\u0161om \u017eivote zelen\u00fa","description":"Kozmetika, najm\u00e4 pre \u017eeny, hr\u00e1 ve\u013emi v\u00fdznamn\u00fa rolu. U\u017e od nepam\u00e4ti sa \u017eeny chceli p\u00e1\u010di\u0165, pr\u00edjemne vo\u0148a\u0165 a c\u00edti\u0165 sa \u010dist\u00e9 za ka\u017ed\u00fdch okolnost\u00ed. Ani dnes tomu nie [&hellip;]","datePublished":"2025-02-28","dateModified":"2025-02-28","author":{"@type":"Person","@id":"https:\/\/www.caroit.sk\/author\/#Person","name":"","url":"https:\/\/www.caroit.sk\/author\/","identifier":1,"image":{"@type":"ImageObject","@id":"https:\/\/secure.gravatar.com\/avatar\/2b882a21216b34ba28e79730eea9356b725e9a0bf9885ae3bedd792ae606fb10?s=96&d=mm&r=g","url":"https:\/\/secure.gravatar.com\/avatar\/2b882a21216b34ba28e79730eea9356b725e9a0bf9885ae3bedd792ae606fb10?s=96&d=mm&r=g","height":96,"width":96}},"publisher":{"@type":"Organization","name":"caroit.sk","logo":{"@type":"ImageObject","@id":"\/logo.png","url":"\/logo.png","width":600,"height":60}},"image":{"@type":"ImageObject","@id":"https:\/\/www.caroit.sk\/wp-content\/uploads\/img_a290443_w16531_t1535393152.jpg","url":"https:\/\/www.caroit.sk\/wp-content\/uploads\/img_a290443_w16531_t1535393152.jpg","height":0,"width":0},"url":"https:\/\/www.caroit.sk\/dajme-prirode-v-nasom-zivote-zelenu\/","wordCount":448,"articleBody":"Kozmetika, najm\u00e4 pre \u017eeny, hr\u00e1 ve\u013emi v\u00fdznamn\u00fa rolu. U\u017e od nepam\u00e4ti sa \u017eeny chceli p\u00e1\u010di\u0165, pr\u00edjemne vo\u0148a\u0165 a c\u00edti\u0165 sa \u010dist\u00e9 za ka\u017ed\u00fdch okolnost\u00ed. Ani dnes tomu nie je inak, len s mal\u00fdm rozdielom. Dne\u0161n\u00e1 doba prin\u00e1\u0161a na trh obrovsk\u00e9 mno\u017estvo v\u00fdrobkov, cez tis\u00edce zna\u010diek a stovky druhov. Existuje \u0161amp\u00f3n sn\u00e1\u010f na ka\u017ed\u00fd druh vlasov, sprchov\u00e9 g\u00e9ly r\u00f4znych v\u00f4n\u00ed a farieb, telov\u00e9 mlieka na v\u0161etky druhy poko\u017eky. To v\u0161etko n\u00e1m dnes pon\u00fakaj\u00fa obchody a drog\u00e9rie. Je to v\u0161ak \u00faplne to, \u010do chcete pou\u017e\u00edva\u0165? Ver\u00edte tejto kozmetike, \u017ee v\u00e1\u0161mu telu prinesie len to dobr\u00e9 a oso\u017en\u00e9?Aj pr\u00edrodn\u00e1 kozmetika je in Pojem pr\u00edrodn\u00e1 kozmetika je ka\u017ed\u00e9mu dobre zn\u00e1my. Ak n\u00e1hodou nie, d\u00e1 sa to jednoducho odvodi\u0165. Je to kozmetika, ktor\u00e1 je vyroben\u00e1 \u010disto na pr\u00edrodnej b\u00e1ze. Pre\u010do pr\u00e1ve klasick\u00e1 kozmetika nie je pova\u017eovan\u00e1 za a\u017e tak\u00fa prospe\u0161n\u00fa? Preto\u017ee obsahuje mno\u017estvo l\u00e1tok, ktor\u00e9 n\u00e1\u0161mu telu \u0161kodia. M\u00e1 v sebe chemik\u00e1lie, ktor\u00e9 mo\u017eno na ist\u00fd \u010das n\u00e1\u0161mu telu pom\u00f4\u017eu, ale nesk\u00f4r sa v\u0161etko odraz\u00ed na zdrav\u00ed. \u0160amp\u00f3ny, ktor\u00e9 maj\u00fa zv\u00e4\u010d\u0161ova\u0165 objem to s\u00edce dok\u00e1\u017eu, ale nie bez toho, aby v nich neboli chemick\u00e9 l\u00e1tky. Pr\u00edrodn\u00e1 kozmetika sa l\u00ed\u0161i t\u00fdm, \u017ee je zalo\u017een\u00e1 na l\u00e1tkach, ktor\u00e9 s\u00fa len z pr\u00edrody. Neobsahuje chemik\u00e1lie a mo\u017eno nem\u00e1 tak\u00e9 \u201e\u010darovn\u00e9\u201c \u00fa\u010dinky, ako komer\u010dn\u00e1 kozmetika, odraz\u00ed sa na na\u0161om zdrav\u00ed a to len a len pozit\u00edvne. \u010eal\u0161ou nev\u00fdhodou, ktor\u00e1 je \u010dasto zatajovan\u00e1 a pre mnoh\u00fdch nezn\u00e1ma je t\u00e1, \u017ee mnoho komer\u010dnej kozmetiky sa testuje na zvierat\u00e1ch. Ur\u010dite nie ste za to, aby kv\u00f4li \u0161amp\u00f3nu, ktor\u00fd pou\u017eijete trikr\u00e1t trpelo zviera, ktor\u00e9 napokon umrie mu\u010divou smr\u0165ou. Pr\u00edrodn\u00e1 kozmetika v\u0161ak testovan\u00e1 nemus\u00ed by\u0165. V\u0161etko \u010do n\u00e1m dala pr\u00edroda je oso\u017en\u00e9, ak to vieme spr\u00e1vne pripravi\u0165 a pou\u017ei\u0165. Sk\u00faste sa teda pozastavi\u0165 nad t\u00fdm, ak\u00fa kozmetiku pou\u017e\u00edvate a urobi\u0165 radik\u00e1lnu zmenu. Nebojte sa vyst\u00fapi\u0165 zo svojej komfortnej z\u00f3ny len preto, \u017ee to nikto in\u00fd neurob\u00ed. Nebojte sa poveda\u0165 nie komer\u010dnej a jednoducho dostupnej kozmetike, ktor\u00e1 vyzer\u00e1 naozaj l\u00e1kavo. Je to mo\u017eno \u0165a\u017ek\u00fd krok, je v\u0161ak \u013eahk\u00e9 ho urobi\u0165. Po\u010fakuje sa v\u00e1m va\u0161e telo, zdravie a taktie\u017e plan\u00e9ta, ktor\u00e1 je ni\u010den\u00e1 tis\u00edckami plastov.                                                                                                                                                                                                                                                                                                                                                                                                 "},{"@context":"https:\/\/schema.org\/","@type":"BreadcrumbList","itemListElement":[{"@type":"ListItem","position":1,"name":"Dajme pr\u00edrode v na\u0161om \u017eivote zelen\u00fa","item":"https:\/\/www.caroit.sk\/dajme-prirode-v-nasom-zivote-zelenu\/#breadcrumbitem"}]}]